[{"@context":"https:\/\/schema.org\/","@type":"Article","@id":"https:\/\/www.chsm.cz\/apollonuv-chram-romanticka-empirova-stavba-v-lednicko-valtickem-arealu\/#Article","mainEntityOfPage":"https:\/\/www.chsm.cz\/apollonuv-chram-romanticka-empirova-stavba-v-lednicko-valtickem-arealu\/","headline":"Apollon\u016fv chr\u00e1m &#8211; romantick\u00e1 emp\u00edrov\u00e1 stavba v Lednicko-valtick\u00e9m are\u00e1lu","name":"Apollon\u016fv chr\u00e1m &#8211; romantick\u00e1 emp\u00edrov\u00e1 stavba v Lednicko-valtick\u00e9m are\u00e1lu","description":"Kdy\u017e Evrop\u011b vl\u00e1dl emp\u00edr 19. stolet\u00ed nebylo v\u016fbec poklidn\u00e9, jak by se mohl n\u011bkdo domn\u00edvat, bylo zm\u00edt\u00e1no v\u00e1le\u010dn\u00fdmi konflikty s &hellip; <a href=\"https:\/\/www.chsm.cz\/apollonuv-chram-romanticka-empirova-stavba-v-lednicko-valtickem-arealu\/\" class=\"more-link\"><span class=\"more-button\">Continue Reading<span class=\"screen-reader-text\">Apollon\u016fv chr\u00e1m &#8211; romantick\u00e1 emp\u00edrov\u00e1 stavba v Lednicko-valtick\u00e9m are\u00e1lu<\/span><\/span><\/a>","datePublished":"2020-07-20","dateModified":"2023-06-01","author":{"@type":"Person","@id":"https:\/\/www.chsm.cz\/author\/#Person","name":"","url":"https:\/\/www.chsm.cz\/author\/","identifier":1,"image":{"@type":"ImageObject","@id":"https:\/\/secure.gravatar.com\/avatar\/b653a05acc9928bc50547a0b6ed51698115bbf59840455a4bc9d337f928ec9d6?s=96&d=mm&r=g","url":"https:\/\/secure.gravatar.com\/avatar\/b653a05acc9928bc50547a0b6ed51698115bbf59840455a4bc9d337f928ec9d6?s=96&d=mm&r=g","height":96,"width":96}},"publisher":{"@type":"Organization","name":"chsm.cz","logo":{"@type":"ImageObject","@id":"\/logo.png","url":"\/logo.png","width":600,"height":60}},"image":{"@type":"ImageObject","@id":"https:\/\/www.chsm.cz\/wp-content\/uploads\/z%C3%A1mek%20Lednice_1.png","url":"https:\/\/www.chsm.cz\/wp-content\/uploads\/z%C3%A1mek%20Lednice_1.png","height":0,"width":0},"url":"https:\/\/www.chsm.cz\/apollonuv-chram-romanticka-empirova-stavba-v-lednicko-valtickem-arealu\/","about":["Podnik\u00e1n\u00ed"],"wordCount":440,"articleBody":"     Kdy\u017e Evrop\u011b vl\u00e1dl emp\u00edr  19. stolet\u00ed nebylo v\u016fbec poklidn\u00e9, jak by se mohl n\u011bkdo domn\u00edvat, bylo zm\u00edt\u00e1no v\u00e1le\u010dn\u00fdmi konflikty s krveprolit\u00edm, jeho\u017e rozsah byl srovnateln\u00fd s prvn\u00ed sv\u011btovou v\u00e1lkou. Kdy\u017e v roce 1815 utrp\u011bl Napoleon se svou arm\u00e1dou v belgick\u00e9m Waterloo z\u00e1sadn\u00ed por\u00e1\u017eku, kone\u010dn\u011b nastalo alespo\u0148 p\u0159echodn\u00e9 obdob\u00ed klidu a mohl se pln\u011b projevit vrchol klasicismu, plynule p\u0159ech\u00e1zej\u00ed ve styl zvan\u00fd \u201eEmp\u00edr\u201c. P\u0159ipom\u00ednka d\u00e1vn\u00fdch antick\u00fdch v\u011bk\u016f tehdy l\u00e1kala stavitele po cel\u00e9 Evrop\u011b a nevyhnula se ani \u0161lechtick\u00e9mu rodu, jeho\u017e vliv na kulturn\u00ed, politick\u00e9 i spole\u010densk\u00e9 d\u011bn\u00ed v zemi pat\u0159il k nejsiln\u011bj\u0161\u00edm. Lichten\u0161tejnov\u00e9 za\u010dali projektovat v\u00fdstavbu Lednicko-valtick\u00e9ho are\u00e1lu s n\u011bkolika p\u0159ekr\u00e1sn\u00fdmi romantick\u00fdmi stavbami a emp\u00edrov\u00fd styl se tu mohl naplno projevit.  Jedn\u00edm z nejzaj\u00edmav\u011bj\u0161\u00edch objekt\u016f uvnit\u0159 krajinn\u00e9ho parku je Apollon\u016fv chr\u00e1m Lednice Galant. Nach\u00e1z\u00ed se v bl\u00edzkosti Ml\u00fdnsk\u00e9ho rybn\u00edka. Byl dokon\u010den necel\u00e9 \u010dty\u0159i roky po napoleonsk\u00fdch v\u00e1lk\u00e1ch, tak\u017ee pokud sem v\u00e1\u017e\u00edte cestu a chyst\u00e1te se ubytovat nap\u0159. v bl\u00edzkosti lednick\u00e9ho z\u00e1mku, pak na v\u00e1s d\u00fdchne p\u0159i pohledu na pr\u016f\u010del\u00ed s \u201ed\u00f3rsk\u00fdm sloupov\u00edm\u201c zvl\u00e1\u0161tn\u00ed atmosf\u00e9ra, prosycen\u00e1 st\u0159eln\u00fdm prachem a bojovn\u00edky v pestrobarevn\u00fdch uniform\u00e1ch, kter\u00e9 se v\u00fdrazn\u011b li\u0161\u00ed od t\u011bch klasick\u00fdch vojensk\u00fdch mask\u00e1\u010d\u016f sou\u010dasn\u00e9 doby.  Vydejte se do are\u00e1lu na kole  Lednicko-valtick\u00fd are\u00e1l je velmi rozs\u00e1hl\u00fd, zauj\u00edm\u00e1 plochu t\u00e9m\u011b\u0159 t\u0159\u00ed stovek kilometr\u016f \u010dtvere\u010dn\u00edch, tak\u017ee pokud jej chce shl\u00e9dnout, vyplat\u00ed se vyu\u017e\u00edt vlastn\u00edch nebo vyp\u016fj\u010den\u00fdch bicykl\u016f a vydat  https:\/\/www.wikihow.cz\/Jak-vydat-knihu se na n\u011bkterou ze zna\u010den\u00fdch tras. M\u016f\u017eete zam\u00ed\u0159it k ostatn\u00edm romantick\u00fdm stavb\u00e1m (Minaret, Jan\u016fv hrad, Loveck\u00fd z\u00e1me\u010dek, Kolon\u00e1da na Rajstn\u011b, Belveder a je\u0161t\u011b asi deset dal\u0161\u00edch pam\u00e1tek), anebo si u\u017e\u00edt pon\u011bkud netypickou atmosf\u00e9ru pro tento vina\u0159sk\u00fd proslun\u011bn\u00fd kraj \u2013 pod\u00e9l p\u016fvodn\u00edho koryta \u0159eky Dyje, kde je st\u00e1le zachov\u00e1n lu\u017en\u00ed les v r\u00e1mci P\u0159\u00edrodn\u00edho parku Niva Dyje. V\u00fdhodn\u00e1 je i poloha zdej\u0161\u00edho kraje, je to odtud bl\u00edzko do Rakouska, do Ma\u010farska a na Slovensko, tak\u017ee si m\u016f\u017eete pobyt na ji\u017en\u00ed Morav\u011b vydatn\u011b zpest\u0159it.                                                                                                                                                                                                                                                                                                                                                                                         3\/5 - (7 votes)        "},{"@context":"https:\/\/schema.org\/","@type":"BreadcrumbList","itemListElement":[{"@type":"ListItem","position":1,"name":"Apollon\u016fv chr\u00e1m &#8211; romantick\u00e1 emp\u00edrov\u00e1 stavba v Lednicko-valtick\u00e9m are\u00e1lu","item":"https:\/\/www.chsm.cz\/apollonuv-chram-romanticka-empirova-stavba-v-lednicko-valtickem-arealu\/#breadcrumbitem"}]}]