[{"@context":"https:\/\/schema.org\/","@type":"Article","@id":"https:\/\/www.chsm.cz\/emise-co2\/#Article","mainEntityOfPage":"https:\/\/www.chsm.cz\/emise-co2\/","headline":"Emise CO2","name":"Emise CO2","description":"V minul\u00fdch letech \u010cesk\u00e1 republika vypustila do ovzdu\u0161\u00ed deset tun CO2 na obyvatele. Co\u017e v Evropsk\u00e9 unii p\u0159edstavuje p\u00e1t\u00e9 m\u00edsto &hellip; <a href=\"https:\/\/www.chsm.cz\/emise-co2\/\" class=\"more-link\"><span class=\"more-button\">Continue Reading<span class=\"screen-reader-text\">Emise CO2<\/span><\/span><\/a>","datePublished":"2019-07-14","dateModified":"2023-06-01","author":{"@type":"Person","@id":"https:\/\/www.chsm.cz\/author\/#Person","name":"","url":"https:\/\/www.chsm.cz\/author\/","identifier":1,"image":{"@type":"ImageObject","@id":"https:\/\/secure.gravatar.com\/avatar\/b653a05acc9928bc50547a0b6ed51698115bbf59840455a4bc9d337f928ec9d6?s=96&d=mm&r=g","url":"https:\/\/secure.gravatar.com\/avatar\/b653a05acc9928bc50547a0b6ed51698115bbf59840455a4bc9d337f928ec9d6?s=96&d=mm&r=g","height":96,"width":96}},"publisher":{"@type":"Organization","name":"chsm.cz","logo":{"@type":"ImageObject","@id":"\/logo.png","url":"\/logo.png","width":600,"height":60}},"image":{"@type":"ImageObject","@id":"https:\/\/www.chsm.cz\/wp-content\/uploads\/img_a349712_w2155_t1564826859.jpg","url":"https:\/\/www.chsm.cz\/wp-content\/uploads\/img_a349712_w2155_t1564826859.jpg","height":0,"width":0},"url":"https:\/\/www.chsm.cz\/emise-co2\/","wordCount":420,"articleBody":"V minul\u00fdch letech \u010cesk\u00e1 republika vypustila do ovzdu\u0161\u00ed deset tun CO2 na obyvatele. Co\u017e v Evropsk\u00e9 unii p\u0159edstavuje p\u00e1t\u00e9 m\u00edsto a celosv\u011btov\u011b jsme se um\u00edstili na dvac\u00e1t\u00e9m m\u00edst\u011b v produkci emis\u00ed CO2. P\u0159esto Evropa m\u00e1 glob\u00e1ln\u00ed pod\u00edl sv\u011btov\u00fdch emis\u00ed necel\u00fdch deset procent, co\u017e nen\u00ed \u00fapln\u011b to nejhor\u0161\u00ed. Hlavn\u00edm probl\u00e9mem jsou velmoci jako USA, \u010c\u00edna, Rusko. Bez nich se tento obrovsk\u00fd probl\u00e9m vyhr\u00e1t ned\u00e1.&#13; V doprav\u011b se tvo\u0159\u00ed nad t\u0159icet procent emis\u00ed oxidu uhli\u010dit\u00e9ho. A ta silni\u010dn\u00ed tvo\u0159\u00ed sedmdes\u00e1t dva procent. Proto si Evropsk\u00e1 unie vyty\u010dila c\u00edl, kdy chce omezit produkci CO2 v doprav\u011b do roku 2050 o \u0161edes\u00e1t procent. Poslanci toto nov\u00e9 ustanoven\u00ed schv\u00e1lili na plen\u00e1rn\u00edm zased\u00e1n\u00ed 27. b\u0159ezna. D\u00e1le se 18. dubna shodli na p\u0159ijet\u00ed n\u00e1vrhu na sn\u00ed\u017een\u00ed emis\u00ed CO2 z nov\u00fdch n\u00e1kladn\u00edch vozidel o t\u0159icet procent do roku 2030 ve srovn\u00e1n\u00ed s emisemi z roku 2019. O v\u00fdrazn\u00e9 sni\u017eov\u00e1n\u00ed emis\u00ed se tak\u00e9 zaj\u00edmaj\u00ed st\u00e1ty Francie, It\u00e1lie, \u0160v\u00e9dsko nebo Nizozemsko. Do budoucna by m\u011bly zm\u011bny p\u0159in\u00e9st nap\u0159. roz\u0161i\u0159ov\u00e1n\u00ed v\u00fdroby elektromobil\u016f, testov\u00e1n\u00ed emis\u00ed CO2 ve skute\u010dn\u00fdch j\u00edzdn\u00edch podm\u00ednk\u00e1ch. A podpora v\u00fdvoje evropsk\u00fdch bateri\u00ed a bateriov\u00fdch \u010dl\u00e1nk\u016f. Je schv\u00e1len upraven\u00fd text na\u0159\u00edzen\u00ed sn\u00ed\u017een\u00ed v\u00fdroby emis\u00ed v cel\u00e9 Evropsk\u00e9 unii. V n\u00e1sleduj\u00edc\u00edch letech v\u00fdrobci t\u011bch voz\u016f, kte\u0159\u00ed pr\u016fm\u011brn\u00e9 emise oxidu uhli\u010dit\u00e9ho p\u0159ekra\u010duj\u00ed, zaplat\u00ed do rozpo\u010dtu EU pokutu. Do roku 2021 na ka\u017ed\u00e9 nov\u011b vyroben\u00e9 auto p\u0159ipad\u00e1 95 gram\u016f CO2 na jeden kilometr. Za ka\u017ed\u00fd gram nav\u00edc a\u017e 95 eur.&#13; Elektromobily by m\u011bly dos\u00e1hnout do roku 2030 a\u017e t\u0159icet p\u011bt procent pod\u00edlu na celkov\u00e9m prodeji nov\u00fdch osobn\u00edch automobil\u016f. U\u017e v roce 2016-2017 se prodej elektrick\u00fdch voz\u016f zv\u00fd\u0161il zhruba o pades\u00e1t procent. Av\u0161ak po\u0159\u00e1d je to mal\u00e1 \u010d\u00e1st a to 1,5 procenta nov\u011b registrovan\u00fdch voz\u016f. U jejich v\u00fdroby a likvidace je to mnohem slo\u017eit\u011bj\u0161\u00ed ne\u017e u b\u011b\u017en\u00fdch voz\u016f a st\u00e1le hodn\u011b likviduj\u00ed \u017eivotn\u00ed prost\u0159ed\u00ed. Na z\u00e1v\u011br je t\u0159eba podotknout, \u017ee situace s emisemi je v\u00e1\u017en\u00e1 a na zm\u011bn\u011b by se m\u011bl pod\u00edlet cel\u00fd sv\u011bt spole\u010dn\u011b.&#13;                                                                                                                                                                                                                                                                                                                                                                                         4.6\/5 - (10 votes)        "},{"@context":"https:\/\/schema.org\/","@type":"BreadcrumbList","itemListElement":[{"@type":"ListItem","position":1,"name":"Emise CO2","item":"https:\/\/www.chsm.cz\/emise-co2\/#breadcrumbitem"}]}]