[{"@context":"https:\/\/schema.org\/","@type":"Article","@id":"https:\/\/www.chsm.cz\/moda-pro-zimu\/#Article","mainEntityOfPage":"https:\/\/www.chsm.cz\/moda-pro-zimu\/","headline":"M\u00f3da pro zimu","name":"M\u00f3da pro zimu","description":"Kone\u010dn\u011b jsem r\u00e1da, \u017ee za\u010dala ta kr\u00e1sn\u00e1 zima a je chladn\u011bji, proto\u017ee za chv\u00edli se bl\u00ed\u017e\u00ed to, \u017ee bude padat &hellip; <a href=\"https:\/\/www.chsm.cz\/moda-pro-zimu\/\" class=\"more-link\"><span class=\"more-button\">Continue Reading<span class=\"screen-reader-text\">M\u00f3da pro zimu<\/span><\/span><\/a>","datePublished":"2024-07-29","dateModified":"2024-07-29","author":{"@type":"Person","@id":"https:\/\/www.chsm.cz\/author\/#Person","name":"","url":"https:\/\/www.chsm.cz\/author\/","identifier":1,"image":{"@type":"ImageObject","@id":"https:\/\/secure.gravatar.com\/avatar\/b653a05acc9928bc50547a0b6ed51698115bbf59840455a4bc9d337f928ec9d6?s=96&d=mm&r=g","url":"https:\/\/secure.gravatar.com\/avatar\/b653a05acc9928bc50547a0b6ed51698115bbf59840455a4bc9d337f928ec9d6?s=96&d=mm&r=g","height":96,"width":96}},"publisher":{"@type":"Organization","name":"chsm.cz","logo":{"@type":"ImageObject","@id":"\/logo.png","url":"\/logo.png","width":600,"height":60}},"image":{"@type":"ImageObject","@id":"https:\/\/www.chsm.cz\/wp-content\/uploads\/istockphoto-2148052483-612x612_2.jpg","url":"https:\/\/www.chsm.cz\/wp-content\/uploads\/istockphoto-2148052483-612x612_2.jpg","height":0,"width":0},"url":"https:\/\/www.chsm.cz\/moda-pro-zimu\/","about":["M\u00f3da"],"wordCount":451,"articleBody":"Kone\u010dn\u011b jsem r\u00e1da, \u017ee za\u010dala ta kr\u00e1sn\u00e1 zima a je chladn\u011bji, proto\u017ee za chv\u00edli se bl\u00ed\u017e\u00ed to, \u017ee bude padat sn\u00edh. M\u016f\u017eu v\u00e1m \u0159\u00edct, \u017ee miluji p\u0159esn\u011b takovou m\u00f3du, kter\u00e1 je pro zimn\u00ed obdob\u00ed. Sice m\u00e1m r\u00e1da i jak\u00e9koliv obdob\u00ed, jako jaro \u010di l\u00e9to, ale prost\u011b miluji zimu, proto\u017ee ta m\u00f3da je v\u00edc experiment\u00e1ln\u00ed a m\u016f\u017eu v\u00edce experimentovat. M\u00e1m r\u00e1da vysok\u00e9 koza\u010dky, ale jsem tak\u00e9 r\u00e1da, \u017ee jsem vyt\u00e1hla ty svoje kr\u00e1sn\u00e9 kab\u00e1ty, kter\u00e9 m\u00e1m doma ve sk\u0159\u00edni. J\u00e1 jsem sp\u00ed\u0161e ten typ, kter\u00fd m\u00e1 r\u00e1d m\u00f3du, kde se nos\u00ed kab\u00e1ty, a m\u00e1m r\u00e1da ko\u017ee\u0161inky. Prost\u011b si libuji v zim\u011b s takov\u00fdm kr\u00e1sn\u00fdm kab\u00e1tkem, kter\u00fd je velice sexy a z\u00e1rove\u0148 velmi elegantn\u00ed. Takov\u00e9 kab\u00e1tky se daj\u00ed naprosto v\u0161ude nosit, a\u0165 u\u017e si to vezmete do spole\u010dnosti, ven na proch\u00e1zku, do kostela nebo kamkoliv na n\u011bjakou akci. Kab\u00e1tek v\u016fbec ni\u010d\u00edm nepokaz\u00edte, proto\u017ee se hod\u00ed \u00fapln\u011b ke v\u0161emu, jak k sukni, tak ke kalhot\u00e1m. J\u00e1 se p\u0159izn\u00e1m, \u017ee m\u00e1m stra\u0161n\u011b r\u00e1da sukn\u011b a m\u00e1m r\u00e1da tro\u0161ku krat\u0161\u00ed suk\u00fdnky, proto\u017ee m\u00e1m \u0161t\u00edhl\u00e9 nohy a v\u00edc se mi v nich vyniknou. K tomu kab\u00e1tku je to p\u011bkn\u00e9. Samoz\u0159ejm\u011b, kdo m\u00e1 r\u00e1d dlouh\u00e9 kalhoty a nem\u00e1 r\u00e1d sukn\u011b, tak tak\u00e9 \u017e\u00e1dn\u00fd probl\u00e9m, proto\u017ee ten kab\u00e1tek se hod\u00ed naprosto ke v\u0161emu.Z\u00e1le\u017e\u00ed te\u010f na tom, co se komu l\u00edb\u00ed, proto\u017ee je to jen na v\u00e1s, jak\u00fd m\u00e1te styl, jakou m\u00f3du a co se v\u00e1m l\u00edb\u00ed, v \u010dem si p\u0159ipad\u00e1te hezky a dokonale. A\u0165 u\u017e se hezky nal\u00ed\u010d\u00edte, tak kdy\u017e p\u016fjdete elegantn\u011b s t\u00edm kab\u00e1tkem, tak to vypad\u00e1 tak\u00e9 moc hezky. Rozhodn\u011b, kdy\u017e budete v\u00edce upraven\u00e1, tak to rozhodn\u011b nebude v\u016fbec na \u0161kodu a budete vypadat velice elegantn\u011b. N\u011bkdo t\u0159eba m\u00e1 r\u00e1d oby\u010dejn\u00e9 bundy, v\u016fbec nenos\u00ed kab\u00e1ty, ale m\u016f\u017eu v\u00e1m \u0159\u00edct, \u017ee pokud je jednou za\u010dnete nosit, tak u\u017e je budete nosit po\u0159\u00e1d, proto\u017ee j\u00e1 jsem typ kab\u00e1tov\u00fd a m\u00e1m prost\u011b r\u00e1da tento styl, proto\u017ee je elegantn\u00ed a z\u00e1rove\u0148 to vypad\u00e1 opravdu hezky. Rozhodn\u011b to vypad\u00e1 l\u00e9pe ne\u017e klasick\u00e9 oby\u010dejn\u00e9 bundy, kter\u00e9 ani nejsou tak elegantn\u00ed, a ten kab\u00e1tek dod\u00e1 v\u0161emu \u0161mrnc.                                                                                                                                                                                                                                                                                                                                                                                        4\/5 - (9 votes)        "},{"@context":"https:\/\/schema.org\/","@type":"BreadcrumbList","itemListElement":[{"@type":"ListItem","position":1,"name":"M\u00f3da pro zimu","item":"https:\/\/www.chsm.cz\/moda-pro-zimu\/#breadcrumbitem"}]}]