[{"@context":"https:\/\/schema.org\/","@type":"Article","@id":"https:\/\/www.chsm.cz\/vybirame-deku-prehoz-ci-pled\/#Article","mainEntityOfPage":"https:\/\/www.chsm.cz\/vybirame-deku-prehoz-ci-pled\/","headline":"Vyb\u00edr\u00e1me deku, p\u0159ehoz \u010di pl\u00e9d","name":"Vyb\u00edr\u00e1me deku, p\u0159ehoz \u010di pl\u00e9d","description":"Deka, kter\u00e1 le\u017e\u00ed pohozen\u00e1 na pohovce nebo k\u0159esle se st\u00e1v\u00e1 bytov\u00fdm dopl\u0148kem. Pokud je sou\u010d\u00e1st\u00ed interi\u00e9ru, pak se sna\u017e\u00edme vybrat &hellip; <a href=\"https:\/\/www.chsm.cz\/vybirame-deku-prehoz-ci-pled\/\" class=\"more-link\"><span class=\"more-button\">Continue Reading<span class=\"screen-reader-text\">Vyb\u00edr\u00e1me deku, p\u0159ehoz \u010di pl\u00e9d<\/span><\/span><\/a>","datePublished":"2020-09-27","dateModified":"2023-05-22","author":{"@type":"Person","@id":"https:\/\/www.chsm.cz\/author\/#Person","name":"","url":"https:\/\/www.chsm.cz\/author\/","identifier":1,"image":{"@type":"ImageObject","@id":"https:\/\/secure.gravatar.com\/avatar\/b653a05acc9928bc50547a0b6ed51698115bbf59840455a4bc9d337f928ec9d6?s=96&d=mm&r=g","url":"https:\/\/secure.gravatar.com\/avatar\/b653a05acc9928bc50547a0b6ed51698115bbf59840455a4bc9d337f928ec9d6?s=96&d=mm&r=g","height":96,"width":96}},"publisher":{"@type":"Organization","name":"chsm.cz","logo":{"@type":"ImageObject","@id":"\/logo.png","url":"\/logo.png","width":600,"height":60}},"url":"https:\/\/www.chsm.cz\/vybirame-deku-prehoz-ci-pled\/","about":["Bydlen\u00ed"],"wordCount":450,"articleBody":"Deka, kter\u00e1 le\u017e\u00ed pohozen\u00e1 na pohovce nebo k\u0159esle se st\u00e1v\u00e1 bytov\u00fdm dopl\u0148kem. Pokud je sou\u010d\u00e1st\u00ed interi\u00e9ru, pak se sna\u017e\u00edme vybrat takov\u00e9 barvy, aby ladily co nejv\u00edce se za\u0159\u00edzen\u00edm bytu. Deka je v\u017edy u\u017eite\u010dn\u00e1. M\u016f\u017eeme se do n\u00ed zachumlat, kdy\u017e n\u00e1m nen\u00ed dob\u0159e, p\u0159\u00edjemn\u011b n\u00e1m zah\u0159eje nohy, kdy\u017e budeme v chladn\u011bj\u0161\u00edm dni poslouchat televizi nebo si \u010d\u00edst knihu. Rodiny s mal\u00fdmi d\u011btmi ocen\u00ed, kdy\u017e potomek usne neo\u010dek\u00e1van\u011b mimo svoj\u00ed post\u00fdlku, a my m\u016f\u017eeme deku pou\u017e\u00edt na jeho p\u0159ikryt\u00ed, ani\u017e bychom d\u00edt\u011b budili nebo n\u011bkam p\u0159en\u00e1\u0161eli.&#13; &#13; Po\u017eadavky na materi\u00e1l&#13; Vzhledem k tomu, k \u010demu deku, pl\u00e9d \u010di p\u0159ehoz budeme pou\u017e\u00edvat, hled\u00e1me i vhodn\u00fd materi\u00e1l, ze kter\u00e9ho je v\u00fdrobek zhotoven. Proto\u017ee o\u010dek\u00e1v\u00e1me, \u017ee n\u00e1s deka p\u0159edev\u0161\u00edm zah\u0159eje, vol\u00edme m\u011bkk\u00fd materi\u00e1l, p\u0159\u00edjemn\u00fd na dotek a schopn\u00fd udr\u017eet teplo. Nestoj\u00edme v\u011bt\u0161inou o materi\u00e1l, kter\u00fd je t\u011b\u017ek\u00fd, \u0161krabav\u00fd a nepoddajn\u00fd. Vzhledem k tomu, \u017ee n\u011bkdy pl\u00e9d nebo deku chceme slo\u017eit a uschovat p\u0159ed zraky n\u00e1v\u0161t\u011bvy, z\u00e1le\u017e\u00ed n\u00e1m i na tom, aby se snadno slo\u017eila a nezabrala p\u0159\u00edli\u0161 m\u00edsta.&#13; &#13; Druhy materi\u00e1l\u016f&#13; Materi\u00e1ly se li\u0161\u00ed gram\u00e1\u017e\u00ed, texturou i barvami nebo potisky. Zn\u00e1me mnoho druh\u016f, ze kter\u00fdch se pl\u00e9dy, p\u0159ehozy a deky vyr\u00e1b\u011bj\u00ed. Mezi nejzn\u00e1m\u011bj\u0161\u00ed pat\u0159\u00ed fleece, polyester, bavlna, prav\u00e1 ov\u010d\u00ed vlna nebo pak luxusn\u00ed sortiment z ka\u0161m\u00edru nebo vlny merino. Mnoho firem m\u00e1 i svoje barvy a vzory, kter\u00e9 jsou pro jej\u00ed v\u00fdrobky typick\u00e9.&#13; &#13; Netahejte se o jednu deku&#13; V dom\u00e1cnosti se v\u011bt\u0161inou u\u017eije dek v\u00edce. Na b\u011b\u017en\u00e9 u\u017e\u00edv\u00e1n\u00ed vol\u00edme deky levn\u011bj\u0161\u00ed, kter\u00e9 snesou pran\u00ed \u010di \u010di\u0161t\u011bn\u00ed a nen\u00ed a\u017e takov\u00e1 katastrofa, polije \u2013 li ho d\u00edt\u011b \u010dajem. Je dobr\u00e9, aby ka\u017ed\u00fd \u010dlen rodiny m\u011bl svoj\u00ed osobn\u00ed. Pro tyto \u00fa\u010dely v\u011bt\u0161inou vol\u00edme nen\u00e1padn\u00e9 barvy a hlavn\u00edm kriteriem b\u00fdv\u00e1 p\u0159\u00edjemn\u00fd omak a h\u0159ejivost.&#13; &#13; Jako barevn\u00fd akcent v interi\u00e9ru m\u016f\u017ee deka tak\u00e9 poslou\u017eit velmi dob\u0159e. Zde pak m\u00e1 zelenou barva, kter\u00e1 bude dotvo\u0159ovat n\u00e1\u0161 domov. Materi\u00e1l v\u011bt\u0161inou nen\u00ed tak d\u016fle\u017eit\u00fd. D\u011btem \u010dasto koup\u00edme deku nebo p\u0159ehoz s d\u011btsk\u00fdmi motivy. Deka se jim pak stane dobr\u00fdm kamar\u00e1dem, ke kter\u00e9mu se budou r\u00e1di vracet.&#13;                                                                                                                                                                                                                                                                                                                                                                                        4.7\/5 - (10 votes)        "},{"@context":"https:\/\/schema.org\/","@type":"BreadcrumbList","itemListElement":[{"@type":"ListItem","position":1,"name":"Vyb\u00edr\u00e1me deku, p\u0159ehoz \u010di pl\u00e9d","item":"https:\/\/www.chsm.cz\/vybirame-deku-prehoz-ci-pled\/#breadcrumbitem"}]}]